{"id":5003,"date":"2017-11-22T16:36:18","date_gmt":"2017-11-22T16:36:18","guid":{"rendered":"https:\/\/www.ludilau.com.ar\/web\/?p=5003"},"modified":"2018-09-06T13:56:24","modified_gmt":"2018-09-06T13:56:24","slug":"los-ninos-y-el-lenguaje-plastico-visual-en-los-primeros-anos","status":"publish","type":"post","link":"https:\/\/www.ludilau.com.ar\/web\/los-ninos-y-el-lenguaje-plastico-visual-en-los-primeros-anos\/","title":{"rendered":"Los ni\u00f1os y el lenguaje pl\u00e1stico visual en los primeros a\u00f1os"},"content":{"rendered":"<p>Seguramente, cuando un beb\u00e9 de un a\u00f1o y medio hunde su mano en un trozo de masa con la que su mam\u00e1 est\u00e1 haciendo empanadas, o cuando dibuja con el dedo sobre un vidrio empa\u00f1ado, nadie puede garantizar que ser\u00e1 un artista.<\/p>\n<p>Pero lo que s\u00ed podemos asegurar es que para llegar a ser alg\u00fan d\u00eda un escultor, un pintor o un dibujante habr\u00e1 que comenzar garabateando, apilando cubos, amasando barro o pintando con los dedos.<!--more--><\/p>\n<p>Estos primeros pasos explorando materiales y descubriendo sus posibilidades, permiten al ni\u00f1o hacerse m\u00e1s seguro en su uso. Va adquiriendo habilidades, y mientras lo hace, descubre el sentido de cada una de sus acciones.<\/p>\n<p>Al tomar contacto con un material, el ni\u00f1o lo explora y acciona sobre \u00e9l sin preocuparse m\u00e1s que por conocerlo, por descubrirlo. Las formas van surgiendo y el peque\u00f1o disfruta de cada descubrimiento. Estas primeras exploraciones son imprescindibles para iniciarse en un camino que podr\u00e1 desembocar en lo que en el futuro ser\u00e1 un lenguaje de expresi\u00f3n y comunicaci\u00f3n.<\/p>\n<p>Para que este camino sea placentero, genuino y enriquecedor, es preciso que los adultos que lo acompa\u00f1en, tengan en claro de qu\u00e9 se trata y cu\u00e1l es el papel que deben asumir.<\/p>\n<p>Uno de los problemas m\u00e1s frecuentes que surgen en este tr\u00e1nsito es la inclinaci\u00f3n a interpretar las exploraciones de los ni\u00f1os desde lo psicol\u00f3gico. Esta mala costumbre no s\u00f3lo obstaculiza el desarrollo espont\u00e1neo, sino que tambi\u00e9n preocupa sin motivo a los adultos.<\/p>\n<p>Es bastante usual escuchar: \u201c\u00a1Siempre usa negro! \u00bfTendr\u00e1 un problema?\u201d o \u201cDibuja y tacha \u00bfQu\u00e9 quiere decirme con eso?\u201d<\/p>\n<p>Estos ejemplos se suman a tantos otros donde los adultos tratan de interpretar desde su propio punto de vista las exploraciones de los ni\u00f1os.<\/p>\n<p>Aclararemos los dos ejemplos para continuar sin miedos ni falsas interpretaciones por el placentero camino de las formas y los colores.<\/p>\n<p>Bastar\u00e1 mirar los dibujos de Miguel \u00c1ngel, Berni, Picasso, Caloi, Quino y otro dibujante. \u00a1Todos han usado tinta o l\u00e1piz negro!<\/p>\n<p>Desde que se invent\u00f3 el papel, el hombre ha dibujado sobre superficies claras y por lo tanto ha elegido hacerlo con tinta o l\u00e1piz oscuros, para provocar un alto contraste y lograr que su dibujo se vea claramente. Los ni\u00f1os muy peque\u00f1os toman un color al azar, o lo eligen porque les gusta, o tal vez porque lo tienen cerca. Al principio no tienen en cuenta sus efectos, pero a medida que se \u201centrenan en el oficio\u201d, descubren que con negro se ve mejor, y muchos lo eligen por esa raz\u00f3n.<\/p>\n<p>M\u00e1s tarde intentan rellenar sus dibujos, pero como a\u00fan no tienen el control motriz necesario, parece que lo tachan. Esto no les preocupa, porque el inter\u00e9s est\u00e1 centrado especialmente en el placer motriz y sensorial. La necesidad de \u201cproducto final bello y terminado\u201d no ha pasado por sus mentes.<\/p>\n<p>As\u00ed, ese dibujo que puede parecer tachado, es la manifestaci\u00f3n visible del placer motriz y visual que le provoca dejar en una superficie la huella de su acci\u00f3n.<\/p>\n<p>Libres ya de falsas interpretaciones, los adultos podr\u00e1n observar estas primeras experimentaciones desde otro lugar. Ver\u00e1n que, si bien todos los trazados se parecen, cada uno es diferente. Si se detienen a observarlos con mayor atenci\u00f3n a\u00fan, descubrir\u00e1n que encierran la belleza de ser expresiones \u00fanicas, irrepetibles y personales y su valor reside precisamente en que son las primeras huellas de las acciones de los ni\u00f1os.<\/p>\n<p>&nbsp;<\/p>\n<p>Extracto del libro \u201cArte desde la cuna\u201d<\/p>\n","protected":false},"excerpt":{"rendered":"<p>Seguramente, cuando un beb\u00e9 de un a\u00f1o y medio hunde su mano en un trozo de masa con la que su mam\u00e1 est\u00e1 haciendo empanadas, o cuando dibuja con el dedo sobre un vidrio empa\u00f1ado, nadie puede garantizar que ser\u00e1<\/p>\n","protected":false},"author":1,"featured_media":0,"comment_status":"open","ping_status":"open","sticky":false,"template":"","format":"standard","meta":{"_joinchat":[],"footnotes":""},"categories":[2],"tags":[45,46,48,51,49,43,52,50,47],"class_list":["post-5003","post","type-post","status-publish","format-standard","hentry","category-articulos-para-compartir","tag-actividades-para-papas-y-bebes-en-caba","tag-arte","tag-bebes","tag-exploracion","tag-juego","tag-jugando-con-mama","tag-mama","tag-musica","tag-ninos"],"yoast_head":"<!-- This site is optimized with the Yoast SEO plugin v27.1.1 - https:\/\/yoast.com\/product\/yoast-seo-wordpress\/ -->\n<title>Los ni\u00f1os y el lenguaje pl\u00e1stico visual en los primeros a\u00f1os - Espacio Ludilau<\/title>\n<meta name=\"robots\" content=\"index, follow, max-snippet:-1, max-image-preview:large, max-video-preview:-1\" \/>\n<link rel=\"canonical\" href=\"https:\/\/www.ludilau.com.ar\/web\/los-ninos-y-el-lenguaje-plastico-visual-en-los-primeros-anos\/\" \/>\n<meta property=\"og:locale\" content=\"es_ES\" \/>\n<meta property=\"og:type\" content=\"article\" \/>\n<meta property=\"og:title\" content=\"Los ni\u00f1os y el lenguaje pl\u00e1stico visual en los primeros a\u00f1os - Espacio Ludilau\" \/>\n<meta property=\"og:description\" content=\"Seguramente, cuando un beb\u00e9 de un a\u00f1o y medio hunde su mano en un trozo de masa con la que su mam\u00e1 est\u00e1 haciendo empanadas, o cuando dibuja con el dedo sobre un vidrio empa\u00f1ado, nadie puede garantizar que ser\u00e1\" \/>\n<meta property=\"og:url\" content=\"https:\/\/www.ludilau.com.ar\/web\/los-ninos-y-el-lenguaje-plastico-visual-en-los-primeros-anos\/\" \/>\n<meta property=\"og:site_name\" content=\"Espacio Ludilau\" \/>\n<meta property=\"article:publisher\" content=\"https:\/\/www.facebook.com\/Ludilau\" \/>\n<meta property=\"article:published_time\" content=\"2017-11-22T16:36:18+00:00\" \/>\n<meta property=\"article:modified_time\" content=\"2018-09-06T13:56:24+00:00\" \/>\n<meta name=\"author\" content=\"Administrador\" \/>\n<meta name=\"twitter:card\" content=\"summary_large_image\" \/>\n<meta name=\"twitter:creator\" content=\"@espacioludilau\" \/>\n<meta name=\"twitter:site\" content=\"@espacioludilau\" \/>\n<meta name=\"twitter:label1\" content=\"Escrito por\" \/>\n\t<meta name=\"twitter:data1\" content=\"Administrador\" \/>\n\t<meta name=\"twitter:label2\" content=\"Tiempo de lectura\" \/>\n\t<meta name=\"twitter:data2\" content=\"3 minutos\" \/>\n<script type=\"application\/ld+json\" class=\"yoast-schema-graph\">{\"@context\":\"https:\/\/schema.org\",\"@graph\":[{\"@type\":\"Article\",\"@id\":\"https:\/\/www.ludilau.com.ar\/web\/los-ninos-y-el-lenguaje-plastico-visual-en-los-primeros-anos\/#article\",\"isPartOf\":{\"@id\":\"https:\/\/www.ludilau.com.ar\/web\/los-ninos-y-el-lenguaje-plastico-visual-en-los-primeros-anos\/\"},\"author\":{\"name\":\"Administrador\",\"@id\":\"https:\/\/www.ludilau.com.ar\/web\/#\/schema\/person\/0697b0231c068488fc067dc41752175d\"},\"headline\":\"Los ni\u00f1os y el lenguaje pl\u00e1stico visual en los primeros a\u00f1os\",\"datePublished\":\"2017-11-22T16:36:18+00:00\",\"dateModified\":\"2018-09-06T13:56:24+00:00\",\"mainEntityOfPage\":{\"@id\":\"https:\/\/www.ludilau.com.ar\/web\/los-ninos-y-el-lenguaje-plastico-visual-en-los-primeros-anos\/\"},\"wordCount\":622,\"commentCount\":1,\"keywords\":[\"actividades para papas y bebes en caba\",\"arte\",\"beb\u00e9s\",\"exploraci\u00f3n\",\"juego\",\"jugando con mam\u00e1\",\"mam\u00e1\",\"m\u00fasica\",\"ni\u00f1os\"],\"articleSection\":[\"Art\u00edculos para compartir\"],\"inLanguage\":\"es\",\"potentialAction\":[{\"@type\":\"CommentAction\",\"name\":\"Comment\",\"target\":[\"https:\/\/www.ludilau.com.ar\/web\/los-ninos-y-el-lenguaje-plastico-visual-en-los-primeros-anos\/#respond\"]}]},{\"@type\":\"WebPage\",\"@id\":\"https:\/\/www.ludilau.com.ar\/web\/los-ninos-y-el-lenguaje-plastico-visual-en-los-primeros-anos\/\",\"url\":\"https:\/\/www.ludilau.com.ar\/web\/los-ninos-y-el-lenguaje-plastico-visual-en-los-primeros-anos\/\",\"name\":\"Los ni\u00f1os y el lenguaje pl\u00e1stico visual en los primeros a\u00f1os - Espacio Ludilau\",\"isPartOf\":{\"@id\":\"https:\/\/www.ludilau.com.ar\/web\/#website\"},\"datePublished\":\"2017-11-22T16:36:18+00:00\",\"dateModified\":\"2018-09-06T13:56:24+00:00\",\"author\":{\"@id\":\"https:\/\/www.ludilau.com.ar\/web\/#\/schema\/person\/0697b0231c068488fc067dc41752175d\"},\"breadcrumb\":{\"@id\":\"https:\/\/www.ludilau.com.ar\/web\/los-ninos-y-el-lenguaje-plastico-visual-en-los-primeros-anos\/#breadcrumb\"},\"inLanguage\":\"es\",\"potentialAction\":[{\"@type\":\"ReadAction\",\"target\":[\"https:\/\/www.ludilau.com.ar\/web\/los-ninos-y-el-lenguaje-plastico-visual-en-los-primeros-anos\/\"]}]},{\"@type\":\"BreadcrumbList\",\"@id\":\"https:\/\/www.ludilau.com.ar\/web\/los-ninos-y-el-lenguaje-plastico-visual-en-los-primeros-anos\/#breadcrumb\",\"itemListElement\":[{\"@type\":\"ListItem\",\"position\":1,\"name\":\"Portada\",\"item\":\"https:\/\/www.ludilau.com.ar\/web\/\"},{\"@type\":\"ListItem\",\"position\":2,\"name\":\"Los ni\u00f1os y el lenguaje pl\u00e1stico visual en los primeros a\u00f1os\"}]},{\"@type\":\"WebSite\",\"@id\":\"https:\/\/www.ludilau.com.ar\/web\/#website\",\"url\":\"https:\/\/www.ludilau.com.ar\/web\/\",\"name\":\"Espacio Ludilau\",\"description\":\"Acompa\u00f1amos a las Familias desde el juego, la m\u00fasica, el masaje, la crianza, el movimiento y la socializaci\u00f3n durante los primeros a\u00f1os de la mapaternidad.\",\"potentialAction\":[{\"@type\":\"SearchAction\",\"target\":{\"@type\":\"EntryPoint\",\"urlTemplate\":\"https:\/\/www.ludilau.com.ar\/web\/?s={search_term_string}\"},\"query-input\":{\"@type\":\"PropertyValueSpecification\",\"valueRequired\":true,\"valueName\":\"search_term_string\"}}],\"inLanguage\":\"es\"},{\"@type\":\"Person\",\"@id\":\"https:\/\/www.ludilau.com.ar\/web\/#\/schema\/person\/0697b0231c068488fc067dc41752175d\",\"name\":\"Administrador\",\"image\":{\"@type\":\"ImageObject\",\"inLanguage\":\"es\",\"@id\":\"https:\/\/www.ludilau.com.ar\/web\/#\/schema\/person\/image\/\",\"url\":\"https:\/\/secure.gravatar.com\/avatar\/5737ba341c5167d0b954a6a052c2a6be637087f78a3a0f5d6c495f42ffde54d7?s=96&d=mm&r=g\",\"contentUrl\":\"https:\/\/secure.gravatar.com\/avatar\/5737ba341c5167d0b954a6a052c2a6be637087f78a3a0f5d6c495f42ffde54d7?s=96&d=mm&r=g\",\"caption\":\"Administrador\"}}]}<\/script>\n<!-- \/ Yoast SEO plugin. -->","yoast_head_json":{"title":"Los ni\u00f1os y el lenguaje pl\u00e1stico visual en los primeros a\u00f1os - Espacio Ludilau","robots":{"index":"index","follow":"follow","max-snippet":"max-snippet:-1","max-image-preview":"max-image-preview:large","max-video-preview":"max-video-preview:-1"},"canonical":"https:\/\/www.ludilau.com.ar\/web\/los-ninos-y-el-lenguaje-plastico-visual-en-los-primeros-anos\/","og_locale":"es_ES","og_type":"article","og_title":"Los ni\u00f1os y el lenguaje pl\u00e1stico visual en los primeros a\u00f1os - Espacio Ludilau","og_description":"Seguramente, cuando un beb\u00e9 de un a\u00f1o y medio hunde su mano en un trozo de masa con la que su mam\u00e1 est\u00e1 haciendo empanadas, o cuando dibuja con el dedo sobre un vidrio empa\u00f1ado, nadie puede garantizar que ser\u00e1","og_url":"https:\/\/www.ludilau.com.ar\/web\/los-ninos-y-el-lenguaje-plastico-visual-en-los-primeros-anos\/","og_site_name":"Espacio Ludilau","article_publisher":"https:\/\/www.facebook.com\/Ludilau","article_published_time":"2017-11-22T16:36:18+00:00","article_modified_time":"2018-09-06T13:56:24+00:00","author":"Administrador","twitter_card":"summary_large_image","twitter_creator":"@espacioludilau","twitter_site":"@espacioludilau","twitter_misc":{"Escrito por":"Administrador","Tiempo de lectura":"3 minutos"},"schema":{"@context":"https:\/\/schema.org","@graph":[{"@type":"Article","@id":"https:\/\/www.ludilau.com.ar\/web\/los-ninos-y-el-lenguaje-plastico-visual-en-los-primeros-anos\/#article","isPartOf":{"@id":"https:\/\/www.ludilau.com.ar\/web\/los-ninos-y-el-lenguaje-plastico-visual-en-los-primeros-anos\/"},"author":{"name":"Administrador","@id":"https:\/\/www.ludilau.com.ar\/web\/#\/schema\/person\/0697b0231c068488fc067dc41752175d"},"headline":"Los ni\u00f1os y el lenguaje pl\u00e1stico visual en los primeros a\u00f1os","datePublished":"2017-11-22T16:36:18+00:00","dateModified":"2018-09-06T13:56:24+00:00","mainEntityOfPage":{"@id":"https:\/\/www.ludilau.com.ar\/web\/los-ninos-y-el-lenguaje-plastico-visual-en-los-primeros-anos\/"},"wordCount":622,"commentCount":1,"keywords":["actividades para papas y bebes en caba","arte","beb\u00e9s","exploraci\u00f3n","juego","jugando con mam\u00e1","mam\u00e1","m\u00fasica","ni\u00f1os"],"articleSection":["Art\u00edculos para compartir"],"inLanguage":"es","potentialAction":[{"@type":"CommentAction","name":"Comment","target":["https:\/\/www.ludilau.com.ar\/web\/los-ninos-y-el-lenguaje-plastico-visual-en-los-primeros-anos\/#respond"]}]},{"@type":"WebPage","@id":"https:\/\/www.ludilau.com.ar\/web\/los-ninos-y-el-lenguaje-plastico-visual-en-los-primeros-anos\/","url":"https:\/\/www.ludilau.com.ar\/web\/los-ninos-y-el-lenguaje-plastico-visual-en-los-primeros-anos\/","name":"Los ni\u00f1os y el lenguaje pl\u00e1stico visual en los primeros a\u00f1os - Espacio Ludilau","isPartOf":{"@id":"https:\/\/www.ludilau.com.ar\/web\/#website"},"datePublished":"2017-11-22T16:36:18+00:00","dateModified":"2018-09-06T13:56:24+00:00","author":{"@id":"https:\/\/www.ludilau.com.ar\/web\/#\/schema\/person\/0697b0231c068488fc067dc41752175d"},"breadcrumb":{"@id":"https:\/\/www.ludilau.com.ar\/web\/los-ninos-y-el-lenguaje-plastico-visual-en-los-primeros-anos\/#breadcrumb"},"inLanguage":"es","potentialAction":[{"@type":"ReadAction","target":["https:\/\/www.ludilau.com.ar\/web\/los-ninos-y-el-lenguaje-plastico-visual-en-los-primeros-anos\/"]}]},{"@type":"BreadcrumbList","@id":"https:\/\/www.ludilau.com.ar\/web\/los-ninos-y-el-lenguaje-plastico-visual-en-los-primeros-anos\/#breadcrumb","itemListElement":[{"@type":"ListItem","position":1,"name":"Portada","item":"https:\/\/www.ludilau.com.ar\/web\/"},{"@type":"ListItem","position":2,"name":"Los ni\u00f1os y el lenguaje pl\u00e1stico visual en los primeros a\u00f1os"}]},{"@type":"WebSite","@id":"https:\/\/www.ludilau.com.ar\/web\/#website","url":"https:\/\/www.ludilau.com.ar\/web\/","name":"Espacio Ludilau","description":"Acompa\u00f1amos a las Familias desde el juego, la m\u00fasica, el masaje, la crianza, el movimiento y la socializaci\u00f3n durante los primeros a\u00f1os de la mapaternidad.","potentialAction":[{"@type":"SearchAction","target":{"@type":"EntryPoint","urlTemplate":"https:\/\/www.ludilau.com.ar\/web\/?s={search_term_string}"},"query-input":{"@type":"PropertyValueSpecification","valueRequired":true,"valueName":"search_term_string"}}],"inLanguage":"es"},{"@type":"Person","@id":"https:\/\/www.ludilau.com.ar\/web\/#\/schema\/person\/0697b0231c068488fc067dc41752175d","name":"Administrador","image":{"@type":"ImageObject","inLanguage":"es","@id":"https:\/\/www.ludilau.com.ar\/web\/#\/schema\/person\/image\/","url":"https:\/\/secure.gravatar.com\/avatar\/5737ba341c5167d0b954a6a052c2a6be637087f78a3a0f5d6c495f42ffde54d7?s=96&d=mm&r=g","contentUrl":"https:\/\/secure.gravatar.com\/avatar\/5737ba341c5167d0b954a6a052c2a6be637087f78a3a0f5d6c495f42ffde54d7?s=96&d=mm&r=g","caption":"Administrador"}}]}},"_links":{"self":[{"href":"https:\/\/www.ludilau.com.ar\/web\/wp-json\/wp\/v2\/posts\/5003","targetHints":{"allow":["GET"]}}],"collection":[{"href":"https:\/\/www.ludilau.com.ar\/web\/wp-json\/wp\/v2\/posts"}],"about":[{"href":"https:\/\/www.ludilau.com.ar\/web\/wp-json\/wp\/v2\/types\/post"}],"author":[{"embeddable":true,"href":"https:\/\/www.ludilau.com.ar\/web\/wp-json\/wp\/v2\/users\/1"}],"replies":[{"embeddable":true,"href":"https:\/\/www.ludilau.com.ar\/web\/wp-json\/wp\/v2\/comments?post=5003"}],"version-history":[{"count":2,"href":"https:\/\/www.ludilau.com.ar\/web\/wp-json\/wp\/v2\/posts\/5003\/revisions"}],"predecessor-version":[{"id":7830,"href":"https:\/\/www.ludilau.com.ar\/web\/wp-json\/wp\/v2\/posts\/5003\/revisions\/7830"}],"wp:attachment":[{"href":"https:\/\/www.ludilau.com.ar\/web\/wp-json\/wp\/v2\/media?parent=5003"}],"wp:term":[{"taxonomy":"category","embeddable":true,"href":"https:\/\/www.ludilau.com.ar\/web\/wp-json\/wp\/v2\/categories?post=5003"},{"taxonomy":"post_tag","embeddable":true,"href":"https:\/\/www.ludilau.com.ar\/web\/wp-json\/wp\/v2\/tags?post=5003"}],"curies":[{"name":"wp","href":"https:\/\/api.w.org\/{rel}","templated":true}]}}